{"id":18,"date":"2025-03-08T21:52:32","date_gmt":"2025-03-08T21:52:32","guid":{"rendered":"https:\/\/jwfacts.com.br\/?p=18"},"modified":"2025-04-11T19:00:38","modified_gmt":"2025-04-11T19:00:38","slug":"mudancas-na-geracao-de-ensino","status":"publish","type":"post","link":"https:\/\/jwfacts.com.br\/index.php\/2025\/03\/08\/mudancas-na-geracao-de-ensino\/","title":{"rendered":"\ud83d\udcc9 \u201cEsta Gera\u00e7\u00e3o\u201d: A Doutrina que Nunca Morre"},"content":{"rendered":"\n<h3 class=\"wp-block-heading\">Como a Torre de Vigia reinventa profecias para manter seus adeptos em alerta perp\u00e9tuo<\/h3>\n\n\n\n<hr class=\"wp-block-separator has-alpha-channel-opacity\"\/>\n\n\n\n<blockquote class=\"wp-block-quote is-layout-flow wp-block-quote-is-layout-flow\">\n<p>\u270d\ufe0f <em>\u201cEm verdade vos digo que de modo algum passar\u00e1 esta gera\u00e7\u00e3o at\u00e9 que todas essas coisas ocorram.\u201d<\/em><br>\u2014 Mateus 24:34, <strong>Tradu\u00e7\u00e3o do Novo Mundo<\/strong><\/p>\n<\/blockquote>\n\n\n\n<p>Quando Jesus falou essas palavras, estava anunciando um per\u00edodo de julgamento e destrui\u00e7\u00e3o iminente \u2014 segundo a interpreta\u00e7\u00e3o das Testemunhas de Jeov\u00e1, ele se referia ao tempo do fim, iniciado em <strong>1914<\/strong>.<\/p>\n\n\n\n<p>Mas&#8230; se a gera\u00e7\u00e3o de 1914 j\u00e1 morreu, como essa profecia ainda pode estar se cumprindo?<\/p>\n\n\n\n<p>A resposta curta \u00e9: <strong>n\u00e3o pode<\/strong>.<br>Mas a resposta da Torre de Vigia \u00e9 outra hist\u00f3ria \u2014 uma bem longa e cheia de ajustes doutrin\u00e1rios.<\/p>\n\n\n\n<hr class=\"wp-block-separator has-alpha-channel-opacity\"\/>\n\n\n\n<h2 class=\"wp-block-heading\">\ud83e\udde9 Um Quebra-Cabe\u00e7a com Pe\u00e7as Trocadas<\/h2>\n\n\n\n<p>A profecia da \u201cgera\u00e7\u00e3o que n\u00e3o passar\u00e1\u201d \u00e9 uma das bases do ensino apocal\u00edptico das Testemunhas de Jeov\u00e1. Por muitas d\u00e9cadas, a organiza\u00e7\u00e3o ensinou que as pessoas que estavam vivas em 1914 <strong>veriam o fim do mundo<\/strong> antes de morrerem.<\/p>\n\n\n\n<p>Mas quando isso n\u00e3o aconteceu \u2014 e os membros de 1914 come\u00e7aram a falecer \u2014 algo teve que mudar.<\/p>\n\n\n\n<p>E mudou. V\u00e1rias vezes.<\/p>\n\n\n\n<hr class=\"wp-block-separator has-alpha-channel-opacity\"\/>\n\n\n\n<h2 class=\"wp-block-heading\">\ud83d\udcc6 Linha do Tempo da Doutrina da \u201cGera\u00e7\u00e3o\u201d<\/h2>\n\n\n\n<figure class=\"wp-block-table is-style-stripes\"><table class=\"has-fixed-layout\"><thead><tr><th>Ano<\/th><th>Ensinamento Oficial<\/th><\/tr><\/thead><tbody><tr><td><strong>1914<\/strong><\/td><td>In\u00edcio do &#8220;tempo do fim&#8221; (com base em c\u00e1lculos n\u00e3o b\u00edblicos).<\/td><\/tr><tr><td><strong>1940\u20131980<\/strong><\/td><td>A \u201cgera\u00e7\u00e3o de 1914\u201d ver\u00e1 o Armagedom.<\/td><\/tr><tr><td><strong>1995<\/strong><\/td><td>Redefini\u00e7\u00e3o: \u201cgera\u00e7\u00e3o\u201d passa a ser \u201cgrupo de pessoas m\u00e1s da \u00e9poca do fim\u201d.<\/td><\/tr><tr><td><strong>2008\u20132010<\/strong><\/td><td>Nova redefini\u00e7\u00e3o: \u201cgera\u00e7\u00e3o\u201d \u00e9 composta por <em>ungidos cujas vidas se sobrep\u00f5em<\/em>.<\/td><\/tr><tr><td><strong>2015\u2013presente<\/strong><\/td><td>A gera\u00e7\u00e3o inclui dois grupos de ungidos \u201ccontempor\u00e2neos\u201d \u2014 sem limite claro de tempo.<\/td><\/tr><\/tbody><\/table><\/figure>\n\n\n\n<hr class=\"wp-block-separator has-alpha-channel-opacity\"\/>\n\n\n\n<h2 class=\"wp-block-heading\">\ud83c\udf00 O Truque Sem\u00e2ntico: Gera\u00e7\u00e3o \u2260 Contempor\u00e2neo<\/h2>\n\n\n\n<p>Um dos pontos mais controversos da nova doutrina \u00e9 a tentativa da Torre de Vigia de <strong>confundir os termos \u201cgera\u00e7\u00e3o\u201d e \u201ccontempor\u00e2neo\u201d<\/strong>.<\/p>\n\n\n\n<p>\ud83d\udcd8 No livro oficial \u201cVenha o teu reino\u201d O Reino de Deus j\u00e1 Governa! (2014), p\u00e1g. 11, a organiza\u00e7\u00e3o diz:<\/p>\n\n\n\n<blockquote class=\"wp-block-quote is-layout-flow wp-block-quote-is-layout-flow\">\n<p>\u201cJesus n\u00e3o estava falando de dois grupos separados, com s\u00e9culos entre eles, mas de dois grupos cujas vidas se sobrep\u00f5em. Portanto, a segunda parte da gera\u00e7\u00e3o contempor\u00e2nea do primeiro grupo tamb\u00e9m est\u00e1 vivendo durante o \u2018tempo do fim\u2019.\u201d<br>\u2014 <a class=\"\" href=\"https:\/\/wol.jw.org\/pt\/wol\/d\/r5\/lp-t\/1102014240#h=21\">Fonte oficial da Torre de Vigia<\/a><\/p>\n<\/blockquote>\n\n\n\n<p>\ud83d\udd0d Parece convincente? S\u00f3 at\u00e9 voc\u00ea perceber que isso \u00e9 uma <strong>manobra sem\u00e2ntica para redefinir uma palavra simples.<\/strong><\/p>\n\n\n\n<hr class=\"wp-block-separator has-alpha-channel-opacity\"\/>\n\n\n\n<h2 class=\"wp-block-heading\">\ud83d\udcd6 O Que <em>Gera\u00e7\u00e3o<\/em> Realmente Significa?<\/h2>\n\n\n\n<p>A palavra grega usada em Mateus 24:34 \u00e9 <em>gene\u00e1<\/em>, que significa:<\/p>\n\n\n\n<ul class=\"wp-block-list\">\n<li><strong>Pessoas nascidas na mesma \u00e9poca<\/strong>, que compartilham um per\u00edodo hist\u00f3rico e cultural comum.<\/li>\n\n\n\n<li>Na maioria dos usos b\u00edblicos, uma gera\u00e7\u00e3o dura <strong>entre 20 e 40 anos<\/strong>.<\/li>\n<\/ul>\n\n\n\n<p>\ud83e\udde0 J\u00e1 o termo \u201ccontempor\u00e2neo\u201d se refere a qualquer pessoa viva no mesmo per\u00edodo \u2014 mesmo com d\u00e9cadas de diferen\u00e7a.<br>Por exemplo: <strong>Albert Einstein e Pel\u00e9 foram contempor\u00e2neos<\/strong> \u2014 mas ningu\u00e9m em s\u00e3 consci\u00eancia diria que foram da mesma gera\u00e7\u00e3o.<\/p>\n\n\n\n<h3 class=\"wp-block-heading\">\ud83d\udccc Conclus\u00e3o: A Torre de Vigia mistura os dois termos de prop\u00f3sito \u2014 para que a \u201cgera\u00e7\u00e3o\u201d nunca acabe.<\/h3>\n\n\n\n<hr class=\"wp-block-separator has-alpha-channel-opacity\"\/>\n\n\n\n<h2 class=\"wp-block-heading\">\ud83d\udd0d An\u00e1lise do Material Oficial<\/h2>\n\n\n\n<p>No livro O Reino de Deus j\u00e1 Governa! a Torre de Vigia exp\u00f5e abertamente sua nova interpreta\u00e7\u00e3o da \u201cgera\u00e7\u00e3o\u201d. Eis o que se encontra:<\/p>\n\n\n\n<h3 class=\"wp-block-heading\">1. <strong>1914 \u00e9 o ponto de partida<\/strong> (par\u00e1grafo 13)<\/h3>\n\n\n\n<p>\u27a1\ufe0f Isso \u00e9 baseado num erro hist\u00f3rico: a destrui\u00e7\u00e3o de Jerusal\u00e9m N\u00c3O ocorreu em 607 AEC, mas sim em <strong>586\/587 AEC<\/strong>, como confirmado por arque\u00f3logos e historiadores seculares.<\/p>\n\n\n\n<h3 class=\"wp-block-heading\">2. <strong>\u201cGera\u00e7\u00e3o\u201d agora significa \u201cungidos\u201d<\/strong> (par\u00e1grafo 14)<\/h3>\n\n\n\n<p>\u27a1\ufe0f Jesus nunca restringiu esse termo aos ungidos. Essa \u00e9 uma <strong>inven\u00e7\u00e3o doutrin\u00e1ria<\/strong>.<\/p>\n\n\n\n<h3 class=\"wp-block-heading\">3. <strong>Surge a \u201cgera\u00e7\u00e3o sobreposta\u201d<\/strong> (par\u00e1grafo 15)<\/h3>\n\n\n\n<p>\u27a1\ufe0f Pessoas que conviveram com os ungidos de 1914 s\u00e3o consideradas parte da mesma gera\u00e7\u00e3o.<\/p>\n\n\n\n<h3 class=\"wp-block-heading\">4. <strong>Conclus\u00e3o circular<\/strong> (par\u00e1grafo 16)<\/h3>\n\n\n\n<p>\u27a1\ufe0f \u201cEstamos vivendo na gera\u00e7\u00e3o que n\u00e3o passar\u00e1\u201d \u2014 um argumento imposs\u00edvel de refutar, j\u00e1 que a defini\u00e7\u00e3o de \u201cgera\u00e7\u00e3o\u201d foi manipulada para durar o tempo que for necess\u00e1rio.<\/p>\n\n\n\n<p>\ud83d\udd17 <a class=\"\" href=\"https:\/\/wol.jw.org\/pt\/wol\/d\/r5\/lp-t\/1102014240\">Veja voc\u00ea mesmo na fonte oficial<\/a><\/p>\n\n\n\n<hr class=\"wp-block-separator has-alpha-channel-opacity\"\/>\n\n\n\n<h2 class=\"wp-block-heading\">\ud83e\udde0 T\u00e9cnica de Manipula\u00e7\u00e3o: Redefinir para Controlar<\/h2>\n\n\n\n<p>Essa t\u00e1tica de alterar defini\u00e7\u00f5es tem um objetivo claro: <strong>adiar o Armagedom sem precisar admitir que estavam errados<\/strong>.<\/p>\n\n\n\n<p>\u00c9 um padr\u00e3o que se repete:<\/p>\n\n\n\n<ol class=\"wp-block-list\">\n<li>Estabelece-se uma profecia com prazo vago.<\/li>\n\n\n\n<li>Quando o tempo passa, redefine-se um termo-chave.<\/li>\n\n\n\n<li>A doutrina continua \u201cviva\u201d, e os fi\u00e9is permanecem obedientes.<\/li>\n<\/ol>\n\n\n\n<hr class=\"wp-block-separator has-alpha-channel-opacity\"\/>\n\n\n\n<figure class=\"wp-block-embed is-type-video is-provider-youtube wp-block-embed-youtube wp-embed-aspect-16-9 wp-has-aspect-ratio\"><div class=\"wp-block-embed__wrapper\">\n<iframe loading=\"lazy\" title=\"Explica\u00e7\u00e3o das Testemunhas de Jeov\u00e1 sobre a &quot;Gera\u00e7\u00e3o que n\u00e3o passar\u00e1&quot; de Mateus 24:34\" width=\"640\" height=\"360\" src=\"https:\/\/www.youtube.com\/embed\/5p6cGoUm9RE?feature=oembed\" frameborder=\"0\" allow=\"accelerometer; autoplay; clipboard-write; encrypted-media; gyroscope; picture-in-picture; web-share\" referrerpolicy=\"strict-origin-when-cross-origin\" allowfullscreen><\/iframe>\n<\/div><\/figure>\n\n\n\n<figure class=\"wp-block-image size-large\"><img loading=\"lazy\" decoding=\"async\" width=\"1024\" height=\"418\" src=\"https:\/\/jwfacts.com.br\/wp-content\/uploads\/2025\/03\/16-1024x418.jpg\" alt=\"\" class=\"wp-image-733\" srcset=\"https:\/\/jwfacts.com.br\/wp-content\/uploads\/2025\/03\/16-1024x418.jpg 1024w, https:\/\/jwfacts.com.br\/wp-content\/uploads\/2025\/03\/16-300x123.jpg 300w, https:\/\/jwfacts.com.br\/wp-content\/uploads\/2025\/03\/16-768x314.jpg 768w, https:\/\/jwfacts.com.br\/wp-content\/uploads\/2025\/03\/16.jpg 1200w\" sizes=\"auto, (max-width: 1024px) 100vw, 1024px\" \/><\/figure>\n\n\n\n<h2 class=\"wp-block-heading\">\ud83c\udfaf Por Que Isso Importa?<\/h2>\n\n\n\n<p>Porque essa doutrina <strong>n\u00e3o \u00e9 apenas te\u00f3rica<\/strong> \u2014 ela molda decis\u00f5es de vida:<\/p>\n\n\n\n<ul class=\"wp-block-list\">\n<li>Jovens que abrem m\u00e3o da faculdade.<\/li>\n\n\n\n<li>Casais que evitam ter filhos.<\/li>\n\n\n\n<li>Pessoas que deixam carreiras, doam bens, seguem uma rotina de sacrif\u00edcio&#8230;<br>&#8230;tudo baseado numa \u201cgera\u00e7\u00e3o\u201d que foi esticada como chiclete.<\/li>\n<\/ul>\n\n\n\n<hr class=\"wp-block-separator has-alpha-channel-opacity\"\/>\n\n\n\n<h2 class=\"wp-block-heading\">\ud83d\udcda Conclus\u00e3o<\/h2>\n\n\n\n<p>A doutrina da \u201cgera\u00e7\u00e3o\u201d das Testemunhas de Jeov\u00e1 \u00e9 uma das maiores provas de que a organiza\u00e7\u00e3o n\u00e3o se baseia na verdade, mas em <strong>ajustes doutrin\u00e1rios convenientes<\/strong>.<\/p>\n\n\n\n<p>Eles dizem que o fim est\u00e1 pr\u00f3ximo desde 1914. E cada vez que a previs\u00e3o falha, <strong>reescrevem o significado das palavras para continuar alimentando a expectativa<\/strong>.<\/p>\n\n\n\n<hr class=\"wp-block-separator has-alpha-channel-opacity\"\/>\n\n\n\n<h2 class=\"wp-block-heading\">\ud83d\udcd6 Sugest\u00f5es de leitura:<\/h2>\n\n\n\n<ul class=\"wp-block-list\">\n<li><a href=\"https:\/\/jwfacts.com.br\/index.php\/entendendo-1914-como-as-testemunhas-de-jeova-fabricaram-uma-profecia-falsa-sobre-o-fim\/\" data-type=\"page\" data-id=\"159\">Entendendo 1914<\/a><\/li>\n\n\n\n<li><strong>Livro:<\/strong> <em>Crise de Consci\u00eancia<\/em>, de Raymond Franz (ex-membro do Corpo Governante)<a href=\"https:\/\/jwfacts.com.br\/index.php\/2025\/04\/11\/raymond-franz-o-homem-que-rompeu-o-silencio\/\" data-type=\"post\" data-id=\"701\">Raymond Franz: O Homem Que Rompeu o Sil\u00eancio<\/a><\/li>\n<\/ul>\n\n\n\n<hr class=\"wp-block-separator has-alpha-channel-opacity\"\/>\n\n\n\n<figure class=\"wp-block-embed is-type-video is-provider-youtube wp-block-embed-youtube wp-embed-aspect-16-9 wp-has-aspect-ratio\"><div class=\"wp-block-embed__wrapper\">\n<iframe loading=\"lazy\" title=\"O LOCUTOR... A GERA\u00c7\u00c3O SOBREPOSTA !  NOVELA TJ PARTE 9\" width=\"640\" height=\"360\" src=\"https:\/\/www.youtube.com\/embed\/T4Z8kU6UHDY?feature=oembed\" frameborder=\"0\" allow=\"accelerometer; autoplay; clipboard-write; encrypted-media; gyroscope; picture-in-picture; web-share\" referrerpolicy=\"strict-origin-when-cross-origin\" allowfullscreen><\/iframe>\n<\/div><\/figure>\n\n\n\n<figure class=\"wp-block-embed is-type-video is-provider-youtube wp-block-embed-youtube wp-embed-aspect-16-9 wp-has-aspect-ratio\"><div class=\"wp-block-embed__wrapper\">\n<iframe loading=\"lazy\" title=\"JW. ORG-1914 A gera\u00e7\u00e3o que n\u00e3o passar\u00e1 15-11-1984 exemplar original.\" width=\"640\" height=\"360\" src=\"https:\/\/www.youtube.com\/embed\/z3iSLtBsGlc?feature=oembed\" frameborder=\"0\" allow=\"accelerometer; autoplay; clipboard-write; encrypted-media; gyroscope; picture-in-picture; web-share\" referrerpolicy=\"strict-origin-when-cross-origin\" allowfullscreen><\/iframe>\n<\/div><\/figure>\n\n\n\n<p><\/p>\n\n\n\n<figure class=\"wp-block-embed is-type-video is-provider-youtube wp-block-embed-youtube wp-embed-aspect-16-9 wp-has-aspect-ratio\"><div class=\"wp-block-embed__wrapper\">\n<iframe loading=\"lazy\" title=\"REFUTA\u00c7\u00c3O B\u00cdBLICA DA &quot;GERA\u00c7\u00c3O SOBREPOSTA&quot;.\" width=\"640\" height=\"360\" src=\"https:\/\/www.youtube.com\/embed\/i3OnjNg_KAM?feature=oembed\" frameborder=\"0\" allow=\"accelerometer; autoplay; clipboard-write; encrypted-media; gyroscope; picture-in-picture; web-share\" referrerpolicy=\"strict-origin-when-cross-origin\" allowfullscreen><\/iframe>\n<\/div><\/figure>\n\n\n\n<p><\/p>\n","protected":false},"excerpt":{"rendered":"<p>Quando Jesus falou essas palavras, estava anunciando um per\u00edodo de julgamento e destrui\u00e7\u00e3o iminente \u2014 segundo a interpreta\u00e7\u00e3o das Testemunhas de Jeov\u00e1, ele se referia ao tempo do fim, iniciado em 1914.<\/p>\n<p>Mas&#8230; se a gera\u00e7\u00e3o de 1914 j\u00e1 morreu, como essa profecia ainda pode estar se cumprindo?<\/p>\n<p>A resposta curta \u00e9: n\u00e3o pode.<br \/>\nMas a resposta da Torre de Vigia \u00e9 outra hist\u00f3ria \u2014 uma bem longa e cheia de ajustes doutrin\u00e1rios.<\/p>\n","protected":false},"author":1,"featured_media":25,"comment_status":"open","ping_status":"open","sticky":false,"template":"","format":"standard","meta":{"advanced_seo_description":"A Watchtower promoveu seis explica\u00e7\u00f5es diferentes e contradit\u00f3rias sobre \u201cesta gera\u00e7\u00e3o\u201d. Muitas Testemunhas basearam escolhas cruciais de vida no entendimento de que o Armagedom chegaria antes da morte de todos os nascidos antes de 1914. Uma organiza\u00e7\u00e3o que comete erros t\u00e3o cr\u00edticos pode legitimamente alegar que somente ela \u00e9 dirigida por Deus?","jetpack_seo_html_title":"\u201cEsta Gera\u00e7\u00e3o\u201d: A Doutrina que Nunca Morre","jetpack_seo_noindex":false,"_jetpack_memberships_contains_paid_content":false,"footnotes":"","jetpack_publicize_message":"","jetpack_publicize_feature_enabled":true,"jetpack_social_post_already_shared":false,"jetpack_social_options":{"image_generator_settings":{"template":"highway","enabled":false},"version":2}},"categories":[15,6,7,12,11,9,8],"tags":[5,24,25],"class_list":["post-18","post","type-post","status-publish","format-standard","has-post-thumbnail","hentry","category-contradicoes-biblicas","category-doutrina","category-escandalos","category-fim-do-mundo","category-historia","category-interessante","category-mudancas","tag-doutrina","tag-geracao","tag-sobreposta"],"jetpack_publicize_connections":[],"jetpack_featured_media_url":"https:\/\/jwfacts.com.br\/wp-content\/uploads\/2025\/03\/generation.jpg","jetpack_likes_enabled":true,"jetpack_sharing_enabled":true,"jetpack-related-posts":[{"id":234,"url":"https:\/\/jwfacts.com.br\/index.php\/2025\/03\/18\/a-evolucao-da-interpretacao-das-testemunhas-de-jeova-sobre-a-geracao-de-1914\/","url_meta":{"origin":18,"position":0},"title":"A Evolu\u00e7\u00e3o da Interpreta\u00e7\u00e3o das Testemunhas de Jeov\u00e1 Sobre a &#8220;Gera\u00e7\u00e3o de 1914&#8221;","author":"admin","date":"mar\u00e7o 18, 2025","format":false,"excerpt":"Por d\u00e9cadas, essa \"gera\u00e7\u00e3o\" foi associada \u00e0s pessoas vivas em 1914, ano que as Testemunhas consideram como o in\u00edcio do Reino de Deus nos c\u00e9us. No entanto, conforme os anos passaram e os membros dessa gera\u00e7\u00e3o envelheceram e faleceram, ajustes foram necess\u00e1rios. Vamos explorar essa evolu\u00e7\u00e3o em uma linha cronol\u00f3gica\u2026","rel":"","context":"Em &quot;Contradi\u00e7\u00f5es Biblicas&quot;","block_context":{"text":"Contradi\u00e7\u00f5es Biblicas","link":"https:\/\/jwfacts.com.br\/index.php\/category\/contradicoes-biblicas\/"},"img":{"alt_text":"","src":"https:\/\/i0.wp.com\/jwfacts.com.br\/wp-content\/uploads\/2025\/03\/hq720-1.jpg?resize=350%2C200&ssl=1","width":350,"height":200,"srcset":"https:\/\/i0.wp.com\/jwfacts.com.br\/wp-content\/uploads\/2025\/03\/hq720-1.jpg?resize=350%2C200&ssl=1 1x, https:\/\/i0.wp.com\/jwfacts.com.br\/wp-content\/uploads\/2025\/03\/hq720-1.jpg?resize=525%2C300&ssl=1 1.5x"},"classes":[]},{"id":1579,"url":"https:\/\/jwfacts.com.br\/index.php\/2025\/09\/15\/a-geracao-que-nunca-acaba-como-a-torre-de-vigia-reinventou-sua-profecia\/","url_meta":{"origin":18,"position":1},"title":"A \u201cgera\u00e7\u00e3o\u201d que nunca acaba: como a Torre de Vigia reinventou sua profecia","author":"admin","date":"setembro 15, 2025","format":false,"excerpt":"Poucos ensinos foram t\u00e3o centrais na identidade das Testemunhas de Jeov\u00e1 quanto a famosa \u201cgera\u00e7\u00e3o de 1914\u201d. Durante d\u00e9cadas, a lideran\u00e7a da Torre de Vigia repetiu que as pessoas vivas em 1914 veriam o Armagedom antes de morrer. Para milh\u00f5es, isso significava que n\u00e3o envelheceriam neste sistema de coisas. Mas\u2026","rel":"","context":"Em &quot;Contradi\u00e7\u00f5es Biblicas&quot;","block_context":{"text":"Contradi\u00e7\u00f5es Biblicas","link":"https:\/\/jwfacts.com.br\/index.php\/category\/contradicoes-biblicas\/"},"img":{"alt_text":"","src":"https:\/\/i0.wp.com\/jwfacts.com.br\/wp-content\/uploads\/2025\/09\/402013534_univ_cnt_2_xl.jpg?resize=350%2C200&ssl=1","width":350,"height":200,"srcset":"https:\/\/i0.wp.com\/jwfacts.com.br\/wp-content\/uploads\/2025\/09\/402013534_univ_cnt_2_xl.jpg?resize=350%2C200&ssl=1 1x, https:\/\/i0.wp.com\/jwfacts.com.br\/wp-content\/uploads\/2025\/09\/402013534_univ_cnt_2_xl.jpg?resize=525%2C300&ssl=1 1.5x, https:\/\/i0.wp.com\/jwfacts.com.br\/wp-content\/uploads\/2025\/09\/402013534_univ_cnt_2_xl.jpg?resize=700%2C400&ssl=1 2x"},"classes":[]},{"id":1570,"url":"https:\/\/jwfacts.com.br\/index.php\/2025\/09\/15\/as-testemunhas-de-jeova-e-a-promessa-de-nao-envelhecer-neste-sistema-de-coisas\/","url_meta":{"origin":18,"position":2},"title":"As Testemunhas de Jeov\u00e1 e a promessa de n\u00e3o envelhecer neste sistema de coisas","author":"admin","date":"setembro 15, 2025","format":false,"excerpt":"Durante d\u00e9cadas, as publica\u00e7\u00f5es da Torre de Vigia alimentaram a expectativa de que os fi\u00e9is jamais envelheceriam nem morreriam neste sistema. Jovens foram desencorajados a estudar, fam\u00edlias deixaram de planejar o futuro e muitos acreditaram de cora\u00e7\u00e3o que o Armagedom viria antes que a velhice os alcan\u00e7asse.","rel":"","context":"Em &quot;arqueologia&quot;","block_context":{"text":"arqueologia","link":"https:\/\/jwfacts.com.br\/index.php\/category\/arqueologia\/"},"img":{"alt_text":"","src":"https:\/\/i0.wp.com\/jwfacts.com.br\/wp-content\/uploads\/2025\/09\/w151184.jpg?resize=350%2C200&ssl=1","width":350,"height":200},"classes":[]},{"id":1087,"url":"https:\/\/jwfacts.com.br\/index.php\/2025\/05\/01\/as-mudancas-doutrinarias-das-testemunhas-de-jeova-revelacao-progressiva-ou-ajuste-de-expectativas\/","url_meta":{"origin":18,"position":3},"title":"\ud83d\udd0d As Mudan\u00e7as Doutrin\u00e1rias das Testemunhas de Jeov\u00e1: Revela\u00e7\u00e3o Progressiva ou Ajuste de Expectativas?","author":"admin","date":"maio 1, 2025","format":false,"excerpt":"As Testemunhas de Jeov\u00e1 se apresentam como um povo guiado diretamente por Jeov\u00e1 Deus por meio de sua organiza\u00e7\u00e3o terrestre. Contudo, ao longo de mais de um s\u00e9culo de exist\u00eancia, essa organiza\u00e7\u00e3o tem promovido diversas mudan\u00e7as doutrin\u00e1rias significativas. Essas altera\u00e7\u00f5es costumam ser apresentadas como \"esclarecimentos\" ou \"luz progressiva\". Mas, ao\u2026","rel":"","context":"Em &quot;Contradi\u00e7\u00f5es Biblicas&quot;","block_context":{"text":"Contradi\u00e7\u00f5es Biblicas","link":"https:\/\/jwfacts.com.br\/index.php\/category\/contradicoes-biblicas\/"},"img":{"alt_text":"","src":"https:\/\/i0.wp.com\/jwfacts.com.br\/wp-content\/uploads\/2025\/05\/2017283_univ_cnt_3_xl.jpg?resize=350%2C200&ssl=1","width":350,"height":200,"srcset":"https:\/\/i0.wp.com\/jwfacts.com.br\/wp-content\/uploads\/2025\/05\/2017283_univ_cnt_3_xl.jpg?resize=350%2C200&ssl=1 1x, https:\/\/i0.wp.com\/jwfacts.com.br\/wp-content\/uploads\/2025\/05\/2017283_univ_cnt_3_xl.jpg?resize=525%2C300&ssl=1 1.5x, https:\/\/i0.wp.com\/jwfacts.com.br\/wp-content\/uploads\/2025\/05\/2017283_univ_cnt_3_xl.jpg?resize=700%2C400&ssl=1 2x"},"classes":[]},{"id":221,"url":"https:\/\/jwfacts.com.br\/index.php\/2025\/03\/17\/as-testemunhas-de-jeova-e-o-erro-da-destruicao-de-jerusalem-em-607-aec\/","url_meta":{"origin":18,"position":4},"title":"As Testemunhas de Jeov\u00e1 e o Erro da Destrui\u00e7\u00e3o de Jerusal\u00e9m em 607 AEC","author":"admin","date":"mar\u00e7o 17, 2025","format":false,"excerpt":"As Testemunhas de Jeov\u00e1 insistem que Jerusal\u00e9m foi destru\u00edda em 607 AEC, apesar de todas as evid\u00eancias hist\u00f3ricas e arqueol\u00f3gicas apontarem para 587\/586 AEC. Mas por que elas sustentam essa data errada? E quais s\u00e3o as provas contra essa cronologia?","rel":"","context":"Em &quot;arqueologia&quot;","block_context":{"text":"arqueologia","link":"https:\/\/jwfacts.com.br\/index.php\/category\/arqueologia\/"},"img":{"alt_text":"","src":"https:\/\/i0.wp.com\/img.youtube.com\/vi\/JhX-dA4mrHY\/0.jpg?resize=350%2C200","width":350,"height":200},"classes":[]},{"id":131,"url":"https:\/\/jwfacts.com.br\/index.php\/2025\/03\/09\/escravo-fiel-revelacoes-divinas-ou-interpretacoes-humanas\/","url_meta":{"origin":18,"position":5},"title":"Escravo Fiel: Revela\u00e7\u00f5es Divinas ou Interpreta\u00e7\u00f5es Humanas?","author":"admin","date":"mar\u00e7o 9, 2025","format":false,"excerpt":"O \"Escravo Fiel e Prudente\" das Testemunhas de Jeov\u00e1: Revela\u00e7\u00e3o Divina ou Constru\u00e7\u00e3o Humana? As Testemunhas de Jeov\u00e1 acreditam que a sua organiza\u00e7\u00e3o \u00e9 dirigida por um grupo chamado \"Escravo Fiel e Prudente\", conforme interpretado a partir de Mateus 24:45. Esse grupo, atualmente identificado com o Corpo Governante, seria o\u2026","rel":"","context":"Em &quot;Contradi\u00e7\u00f5es Biblicas&quot;","block_context":{"text":"Contradi\u00e7\u00f5es Biblicas","link":"https:\/\/jwfacts.com.br\/index.php\/category\/contradicoes-biblicas\/"},"img":{"alt_text":"","src":"https:\/\/i0.wp.com\/jwfacts.com.br\/wp-content\/uploads\/2025\/03\/image-1.png?resize=350%2C200&ssl=1","width":350,"height":200,"srcset":"https:\/\/i0.wp.com\/jwfacts.com.br\/wp-content\/uploads\/2025\/03\/image-1.png?resize=350%2C200&ssl=1 1x, https:\/\/i0.wp.com\/jwfacts.com.br\/wp-content\/uploads\/2025\/03\/image-1.png?resize=525%2C300&ssl=1 1.5x, https:\/\/i0.wp.com\/jwfacts.com.br\/wp-content\/uploads\/2025\/03\/image-1.png?resize=700%2C400&ssl=1 2x"},"classes":[]}],"_links":{"self":[{"href":"https:\/\/jwfacts.com.br\/index.php\/wp-json\/wp\/v2\/posts\/18","targetHints":{"allow":["GET"]}}],"collection":[{"href":"https:\/\/jwfacts.com.br\/index.php\/wp-json\/wp\/v2\/posts"}],"about":[{"href":"https:\/\/jwfacts.com.br\/index.php\/wp-json\/wp\/v2\/types\/post"}],"author":[{"embeddable":true,"href":"https:\/\/jwfacts.com.br\/index.php\/wp-json\/wp\/v2\/users\/1"}],"replies":[{"embeddable":true,"href":"https:\/\/jwfacts.com.br\/index.php\/wp-json\/wp\/v2\/comments?post=18"}],"version-history":[{"count":17,"href":"https:\/\/jwfacts.com.br\/index.php\/wp-json\/wp\/v2\/posts\/18\/revisions"}],"predecessor-version":[{"id":740,"href":"https:\/\/jwfacts.com.br\/index.php\/wp-json\/wp\/v2\/posts\/18\/revisions\/740"}],"wp:featuredmedia":[{"embeddable":true,"href":"https:\/\/jwfacts.com.br\/index.php\/wp-json\/wp\/v2\/media\/25"}],"wp:attachment":[{"href":"https:\/\/jwfacts.com.br\/index.php\/wp-json\/wp\/v2\/media?parent=18"}],"wp:term":[{"taxonomy":"category","embeddable":true,"href":"https:\/\/jwfacts.com.br\/index.php\/wp-json\/wp\/v2\/categories?post=18"},{"taxonomy":"post_tag","embeddable":true,"href":"https:\/\/jwfacts.com.br\/index.php\/wp-json\/wp\/v2\/tags?post=18"}],"curies":[{"name":"wp","href":"https:\/\/api.w.org\/{rel}","templated":true}]}}